{"headers": {"id": "ID", "periodo": "Per\u00edodo", "titulo": "Mat\u00e9ria", "autor": "Autor", "ementa": "Ementa", "situacao": "Situa\u00e7\u00e3o"}, "results": [{"id": 2086, "periodo": "expediente", "titulo": "Indica\u00e7\u00e3o n\u00ba 165 de 2025", "autor": "Vereador Junior Guirelle", "ementa": "SOLICITO A PREFEITURA MUNICIPAL DE CANA\u00c3 DOS CARAJ\u00c1S A PAVIMENTA\u00c7\u00c3O ASF\u00c1TICA DO TRECHO DE 8 KM QUE INTERLIGA A ESTRADA DE ACESSO AO PROJETO S11D COM A VP12, VISANDO MELHORAR A INFRAESTRUTURA VI\u00c1RIA A MOBILIDADE E A SEGURAN\u00c7A DA REGI\u00c3O.", "situacao": "Aguardando a inclus\u00e3o na ordem do dia"}, {"id": 2284, "periodo": "expediente", "titulo": "Indica\u00e7\u00e3o n\u00ba 331 de 2025", "autor": "Vereador Werbet Felipe", "ementa": "SOLICITANDO A PREFEITURA MUNICIPAL DE CANA\u00c3 DOS CARAJ\u00c1S, A PAVIMENTA\u00c7\u00c3O ASF\u00c1LTICA DA VP 14, INICIANDO NA VS 48, PASSANDO PELA LATERAL DA AMEC, AT\u00c9 A ROTAT\u00d3RIA DA VS 47, PONTO EM QUE JA EXISTE PAVIMENTA\u00c7\u00c3O.", "situacao": "Aguardando a inclus\u00e3o na ordem do dia"}, {"id": 2294, "periodo": "expediente", "titulo": "Indica\u00e7\u00e3o n\u00ba 341 de 2025", "autor": "Vereador Werbet Felipe", "ementa": "SOLICITO A PREFEITURA MUNICIPAL DE CANA\u00c3 DOS CARAJ\u00c1S, A CONSTRU\u00c7\u00c3O DE UM POSTO DE SA\u00daDE NO CHACREAMENTO SOL NASCENTE NO MUNICIPIO.", "situacao": "Aguardando a inclus\u00e3o na ordem do dia"}, {"id": 2510, "periodo": "expediente", "titulo": "Indica\u00e7\u00e3o n\u00ba 14 de 2026", "autor": "Vereador Jonas Magalh\u00e3es", "ementa": "SOLICITO A PREFEITURA MUNICIPAL DE CANA\u00c3 DOS CARAJ\u00c1S A ADO\u00c7\u00c3O DE MEDIDAS PARA O ESTUDO, ESTRUTURA\u00c7\u00c3O E IMPLEMENTA\u00c7\u00c3O DO PROGRAMA MUNICIPAL DE INTERC\u00c2MBIO EDUCACIONAL INTERNACIONAL PARA ESTUDANTES DA REDE P\u00daBLICA DE ENSINO DE CANA\u00c3 DOS CARAJ\u00c1S.", "situacao": "Aguardando a inclus\u00e3o na ordem do dia"}, {"id": 2512, "periodo": "expediente", "titulo": "Indica\u00e7\u00e3o n\u00ba 15 de 2026", "autor": "Vereadora Professora Elenjusse", "ementa": "SOLICITANDO A PREFEITURA MUNICIPAL  A IMPLEMENTA\u00c7\u00c3O DO  FORNECIMENTO DE KITS ALIMENTARES ESPEC\u00cdFICOS AOS ALUNOS DA REDE P\u00daBLICA MUNICIPAL QUE POSSUEM RESTRI\u00c7\u00d5ES ALIMENTARES E NECESSITEM DE DIETA ESPECIAL, PARA CONSUMO TAMB\u00c9M EM SUAS RESID\u00caNCIAS.", "situacao": "Aguardando a inclus\u00e3o na ordem do dia"}]}