{"headers": {"id": "ID", "periodo": "Per\u00edodo", "titulo": "Mat\u00e9ria", "autor": "Autor", "ementa": "Ementa", "situacao": "Situa\u00e7\u00e3o"}, "results": [{"id": 2214, "periodo": "expediente", "titulo": "Indica\u00e7\u00e3o n\u00ba 277 de 2025", "autor": "Vereadora Professora Elenjusse", "ementa": "SOLICITANDO A PREFEITURA MUNICIPAL A INSTALA\u00c7\u00c3O DE PLACAS INFORMATIVAS NAS PROXIMIDADES DAS ESCOLAS MUNICIPAIS DE CANA\u00c3 DOS CARAJ\u00c1S", "situacao": "Aguardando a inclus\u00e3o na ordem do dia"}, {"id": 2375, "periodo": "expediente", "titulo": "Indica\u00e7\u00e3o n\u00ba 400 de 2025", "autor": "Vereador Miguel da Sa\u00fade", "ementa": "SOLICITANDO A PREFEITURA MUNICIPAL DE CANA\u00c3 DOS CARAJ\u00c1S E \u00c0 SECRETARIA MUNICIPAL DE SA\u00daDE A IMPLANTA\u00c7\u00c3O DE UMA MOTOL\u00c2NCIA NO SERVI\u00c7O M\u00d3VEL DE URG\u00caNCIA- SAMU, NESSE MUNIC\u00cdPIO.", "situacao": "Aguardando a inclus\u00e3o na ordem do dia"}, {"id": 2500, "periodo": "expediente", "titulo": "Indica\u00e7\u00e3o n\u00ba 5 de 2026", "autor": "Vereador Miguel da Sa\u00fade", "ementa": "SOLICITANDO A PREFEITURA MUNICIPAL DE CANA\u00c3 DOS CARAJ\u00c1S PARA QUE DETERMINE AOS SETORES COMPETENTES A CRIA\u00c7\u00c3O E IMPLEMENTA\u00c7\u00c3O DE PROGRAMA QUE ASSEGURA TRANSPORTE GRATUITO \u00c0S PESSOAS QUE NECESSITAM REALIZAR TRATAMENTO DE SA\u00daDE NA REDE MUNICIPAL.", "situacao": "Aguardando a inclus\u00e3o na ordem do dia"}, {"id": 2505, "periodo": "expediente", "titulo": "Indica\u00e7\u00e3o n\u00ba 10 de 2026", "autor": "Vereador Junior Guirelle", "ementa": "SOLICITANDO A PREFEITURA MUNICIPAL QUE SEJA VIABILIZADA A IMPLANTA\u00c7\u00c3O DE UMA EXTENS\u00c3O DA FARM\u00c1CIA DO CENTRO DE ESPECIALIDADES NA VILA PLANALTO, COM A FINALIDADE DE REALIZAR A DISPENSA\u00c7\u00c3O DE MEDICAMENTOS CONTROLADOS.", "situacao": "Aguardando a inclus\u00e3o na ordem do dia"}]}