{"id":403,"__str__":"Lei n\u00ba 863, de 25 de setembro de 2019","link_detail_backend":"/norma/403","metadata":{},"texto_integral":"http://sapl.canaadoscarajas.pa.leg.br/media/sapl/public/normajuridica/2019/403/lei_n_863-2019_-_alt_item_anexo_i_da_l_mun_857-2019al_yRonWNe.pdf","numero":"863","ano":2019,"esfera_federacao":"M","data":"2019-09-25","data_publicacao":"2019-09-26","veiculo_publicacao":"FAMEP","pagina_inicio_publicacao":null,"pagina_fim_publicacao":null,"ementa":"Altera item do anexo I da Lei Municipal n\u00ba 857/2019 que \"Altera as disposi\u00e7\u00f5es da Lei Municipal n\u00ba 692/2015 e 249/2010 da Funda\u00e7\u00e3o Municipal de Cultura e Lazer - FUNCEL de Cana\u00e3 dos Caraj\u00e1s\" e d\u00e1 outras provid\u00eancias.","indexacao":"Altera item do anexo I da Lei Municipal n\u00ba 857/2019 que \"Altera as disposi\u00e7\u00f5es da Lei Municipal n\u00ba 692/2015 e 249/2010 da Funda\u00e7\u00e3o Municipal de Cultura e Lazer - FUNCEL de Cana\u00e3 dos Caraj\u00e1s\" e d\u00e1 outras provid\u00eancias.","observacao":"","complemento":false,"data_vigencia":null,"timestamp":"2019-12-10T12:42:54.052234-03:00","data_ultima_atualizacao":"2019-12-10T12:42:54.203754-03:00","ip":"138.118.109.200","ultima_edicao":null,"tipo":1,"materia":607,"orgao":null,"user":45,"assuntos":[8],"autores":[]}