{"id":7382,"__str__":"Indica\u00e7\u00e3o n\u00ba 367 de 2025 | Proposi\u00e7\u00e3o inclusa na Ordem do Dia | 23/09/2025","link_detail_backend":"/materia/tramitacao/7382","metadata":{},"timestamp":"2025-09-23T18:17:07.537229-03:00","data_tramitacao":"2025-09-23","data_encaminhamento":null,"urgente":false,"turno":"","texto":"\u2022 Proposi\u00e7\u00e3o inclu\u00edda na ordem do dia da sess\u00e3o para vota\u00e7\u00e3o.","data_fim_prazo":null,"ip":"177.23.25.1","ultima_edicao":"2025-09-23T18:16:46.756128-03:00","status":3,"materia":2328,"unidade_tramitacao_local":3,"unidade_tramitacao_destino":4,"user":58}