{"id":3370,"__str__":"Indica\u00e7\u00e3o n\u00ba 8 de 2021 | Proposi\u00e7\u00e3o inclusa na Ordem do Dia | 28/09/2021","link_detail_backend":"/materia/tramitacao/3370","metadata":{},"timestamp":"2021-09-28T18:44:13.779184-03:00","data_tramitacao":"2021-09-28","data_encaminhamento":null,"urgente":false,"turno":"","texto":"\u2022\tProposi\u00e7\u00e3o inclu\u00edda na ordem do dia da sess\u00e3o para vota\u00e7\u00e3o.","data_fim_prazo":null,"ip":"138.0.54.152","ultima_edicao":"2021-09-28T18:43:12.864741-03:00","status":3,"materia":894,"unidade_tramitacao_local":3,"unidade_tramitacao_destino":4,"user":48}