{"id":2616,"__str__":"Presta\u00e7\u00e3o de Contas n\u00ba 1 de 2020 | Proposi\u00e7\u00e3o inclusa na Ordem do Dia | 09/12/2020","link_detail_backend":"/materia/tramitacao/2616","metadata":{},"timestamp":"2020-12-11T09:53:56.561141-03:00","data_tramitacao":"2020-12-09","data_encaminhamento":null,"urgente":false,"turno":"U","texto":"\u2022\tProposi\u00e7\u00e3o inclu\u00edda na ordem do dia da sess\u00e3o para vota\u00e7\u00e3o.","data_fim_prazo":null,"ip":"138.118.109.44","ultima_edicao":"2020-12-11T09:52:50.818972-03:00","status":3,"materia":848,"unidade_tramitacao_local":12,"unidade_tramitacao_destino":4,"user":48}