{"id":704,"__str__":"Indica\u00e7\u00e3o n\u00ba 27 de 2020","link_detail_backend":"/materia/704","metadata":{},"numero":27,"ano":2020,"numero_protocolo":null,"data_apresentacao":"2020-03-17","tipo_apresentacao":"E","data_publicacao":null,"numero_origem_externa":"","ano_origem_externa":null,"data_origem_externa":null,"apelido":"","dias_prazo":null,"data_fim_prazo":null,"em_tramitacao":false,"polemica":null,"objeto":"","complementar":null,"ementa":"Solicitando a Prefeitura Municipal a Implanta\u00e7\u00e3o de servi\u00e7o de apreens\u00e3o e recolhimento de cavalos e outros animais de grande porte abandonados em via p\u00fablica ou com denuncias de maus tratos no munic\u00edpio de Cana\u00e3 dos Caraj\u00e1s.","indexacao":"Implanta\u00e7\u00e3o de servi\u00e7o de apreens\u00e3o e recolhimento de cavalos e outros animais de grande porte abandonados em via p\u00fablica ou com denuncias de maus tratos","observacao":"","resultado":"","texto_original":"http://sapl.canaadoscarajas.pa.leg.br/media/sapl/public/materialegislativa/2020/704/indicacao_027-20_-_vereador_junior_garra.pdf","data_ultima_atualizacao":"2020-03-17T19:06:53.551755-03:00","ip":"138.118.109.44","ultima_edicao":"2020-03-17T11:46:12.011330-03:00","tipo":8,"regime_tramitacao":1,"tipo_origem_externa":null,"local_origem_externa":null,"user":48,"anexadas":[],"autores":[9]}