{"id":611,"__str__":"Indica\u00e7\u00e3o n\u00ba 78 de 2019","link_detail_backend":"/materia/611","metadata":{},"numero":78,"ano":2019,"numero_protocolo":null,"data_apresentacao":"2019-09-24","tipo_apresentacao":"E","data_publicacao":null,"numero_origem_externa":"","ano_origem_externa":null,"data_origem_externa":null,"apelido":"","dias_prazo":null,"data_fim_prazo":null,"em_tramitacao":false,"polemica":null,"objeto":"","complementar":null,"ementa":"Solicitando a constru\u00e7\u00e3o de um Bosque e de uma Pra\u00e7a no Bairro Vale da Ben\u00e7\u00e3o na \u00e1rea de APP e na \u00e1rea Institucional anexada a \u00e1rea APP.","indexacao":"constru\u00e7\u00e3o de um Bosque e de uma Pra\u00e7a no Bairro Vale da Ben\u00e7\u00e3o na \u00e1rea de APP e na \u00e1rea Institucional anexada a \u00e1rea APP.","observacao":"","resultado":"","texto_original":"http://sapl.canaadoscarajas.pa.leg.br/media/sapl/public/materialegislativa/2019/611/indicacao_078-19-vereador_junior_garra.pdf","data_ultima_atualizacao":"2019-10-01T12:30:40.405317-03:00","ip":"138.118.109.200","ultima_edicao":null,"tipo":8,"regime_tramitacao":1,"tipo_origem_externa":null,"local_origem_externa":null,"user":48,"anexadas":[],"autores":[9]}