{"id":610,"__str__":"Indica\u00e7\u00e3o n\u00ba 77 de 2019","link_detail_backend":"/materia/610","metadata":{},"numero":77,"ano":2019,"numero_protocolo":72,"data_apresentacao":"2019-09-24","tipo_apresentacao":"E","data_publicacao":null,"numero_origem_externa":"","ano_origem_externa":null,"data_origem_externa":null,"apelido":"","dias_prazo":null,"data_fim_prazo":null,"em_tramitacao":false,"polemica":null,"objeto":"","complementar":null,"ementa":"Constru\u00e7\u00e3o de um Campo Sint\u00e9tico, assim como a revitaliza\u00e7\u00e3o e manuten\u00e7\u00e3o da rotat\u00f3ria da Vila Planalto.","indexacao":"Constru\u00e7\u00e3o de um Campo Sint\u00e9tico, assim como a revitaliza\u00e7\u00e3o e manuten\u00e7\u00e3o da rotat\u00f3ria da Vila Planalto.","observacao":"","resultado":"","texto_original":"http://sapl.canaadoscarajas.pa.leg.br/media/sapl/public/materialegislativa/2019/610/indicacao_o77-2019_-_joao_batista_-_const._campo_kmQn7hD.pdf","data_ultima_atualizacao":"2019-10-01T12:29:47.088681-03:00","ip":"138.118.109.200","ultima_edicao":null,"tipo":8,"regime_tramitacao":1,"tipo_origem_externa":null,"local_origem_externa":null,"user":45,"anexadas":[],"autores":[7]}