{"id":584,"__str__":"Indica\u00e7\u00e3o n\u00ba 64 de 2019","link_detail_backend":"/materia/584","metadata":{},"numero":64,"ano":2019,"numero_protocolo":null,"data_apresentacao":"2019-08-13","tipo_apresentacao":"E","data_publicacao":null,"numero_origem_externa":"","ano_origem_externa":null,"data_origem_externa":null,"apelido":"","dias_prazo":null,"data_fim_prazo":null,"em_tramitacao":true,"polemica":null,"objeto":"","complementar":null,"ementa":"Solicitando do Poder Executivo Municipal a destina\u00e7\u00e3o de recurso para a Secretaria Municipal de Sa\u00fade adquirir uma ambul\u00e2ncia para dar suporte aos moradores da Vila Planalto.","indexacao":"destina\u00e7\u00e3o de recurso para a Secretaria Municipal de Sa\u00fade adquirir uma ambul\u00e2ncia para dar suporte aos moradores da Vila Planalto.","observacao":"","resultado":"","texto_original":"http://sapl.canaadoscarajas.pa.leg.br/media/sapl/public/materialegislativa/2019/584/indicacao_064-19-vereador_anderson_mendes.pdf","data_ultima_atualizacao":"2019-08-13T20:10:03.734384-03:00","ip":"138.118.109.200","ultima_edicao":null,"tipo":8,"regime_tramitacao":1,"tipo_origem_externa":null,"local_origem_externa":null,"user":48,"anexadas":[],"autores":[33]}