{"id":2510,"__str__":"Indica\u00e7\u00e3o n\u00ba 14 de 2026","link_detail_backend":"/materia/2510","metadata":{},"numero":14,"ano":2026,"numero_protocolo":null,"data_apresentacao":"2026-03-25","tipo_apresentacao":"E","data_publicacao":"2026-03-25","numero_origem_externa":"","ano_origem_externa":null,"data_origem_externa":null,"apelido":"","dias_prazo":365,"data_fim_prazo":"2027-03-25","em_tramitacao":false,"polemica":false,"objeto":"","complementar":false,"ementa":"SOLICITO A PREFEITURA MUNICIPAL DE CANA\u00c3 DOS CARAJ\u00c1S A ADO\u00c7\u00c3O DE MEDIDAS PARA O ESTUDO, ESTRUTURA\u00c7\u00c3O E IMPLEMENTA\u00c7\u00c3O DO PROGRAMA MUNICIPAL DE INTERC\u00c2MBIO EDUCACIONAL INTERNACIONAL PARA ESTUDANTES DA REDE P\u00daBLICA DE ENSINO DE CANA\u00c3 DOS CARAJ\u00c1S.","indexacao":"INTERC\u00c2MBIO EDUCACIONAL INTERNACIONAL PARA ESTUDANTES DA REDE P\u00daBLICA DE ENSINO DE CANA\u00c3 DOS CARAJ\u00c1S.","observacao":"","resultado":"","texto_original":"http://sapl.canaadoscarajas.pa.leg.br/media/sapl/public/materialegislativa/2026/2510/ind_014.pdf","data_ultima_atualizacao":"2026-03-31T18:48:14.576763-03:00","ip":"177.23.25.1","ultima_edicao":"2026-03-25T11:15:34.997200-03:00","tipo":8,"regime_tramitacao":1,"tipo_origem_externa":null,"local_origem_externa":null,"user":58,"anexadas":[],"autores":[81]}