{"id":2284,"__str__":"Indica\u00e7\u00e3o n\u00ba 331 de 2025","link_detail_backend":"/materia/2284","metadata":{},"numero":331,"ano":2025,"numero_protocolo":null,"data_apresentacao":"2025-04-28","tipo_apresentacao":"E","data_publicacao":"2025-04-28","numero_origem_externa":"","ano_origem_externa":null,"data_origem_externa":null,"apelido":"","dias_prazo":365,"data_fim_prazo":"2026-04-28","em_tramitacao":false,"polemica":false,"objeto":"","complementar":false,"ementa":"SOLICITANDO A PREFEITURA MUNICIPAL DE CANA\u00c3 DOS CARAJ\u00c1S, A PAVIMENTA\u00c7\u00c3O ASF\u00c1LTICA DA VP 14, INICIANDO NA VS 48, PASSANDO PELA LATERAL DA AMEC, AT\u00c9 A ROTAT\u00d3RIA DA VS 47, PONTO EM QUE JA EXISTE PAVIMENTA\u00c7\u00c3O.","indexacao":"PAVIMENTA\u00c7\u00c3O ASF\u00c1LTICA DA VP 14, INICIANDO NA VS 48, PASSANDO PELA LATERAL DA AMEC, AT\u00c9 A ROTAT\u00d3RIA DA VS 47","observacao":"","resultado":"","texto_original":"http://sapl.canaadoscarajas.pa.leg.br/media/sapl/public/materialegislativa/2025/2284/ind_331.pdf","data_ultima_atualizacao":"2026-03-31T18:42:30.863840-03:00","ip":"177.23.25.1","ultima_edicao":"2025-04-28T09:32:33.934529-03:00","tipo":8,"regime_tramitacao":1,"tipo_origem_externa":null,"local_origem_externa":null,"user":48,"anexadas":[],"autores":[75]}