{"id":1066,"__str__":"Indica\u00e7\u00e3o n\u00ba 151 de 2021","link_detail_backend":"/materia/1066","metadata":{},"numero":151,"ano":2021,"numero_protocolo":null,"data_apresentacao":"2021-09-14","tipo_apresentacao":"E","data_publicacao":null,"numero_origem_externa":"","ano_origem_externa":null,"data_origem_externa":null,"apelido":"","dias_prazo":null,"data_fim_prazo":null,"em_tramitacao":false,"polemica":false,"objeto":"","complementar":false,"ementa":"Solicitando a Prefeita Municipal para viabilizar a cria\u00e7\u00e3o do Departamento de Ilumina\u00e7\u00e3o P\u00fablica de Cana\u00e3 dos Caraj\u00e1s.","indexacao":"viabilizar a cria\u00e7\u00e3o do Departamento de Ilumina\u00e7\u00e3o P\u00fablica","observacao":"","resultado":"","texto_original":"http://sapl.canaadoscarajas.pa.leg.br/media/sapl/public/materialegislativa/2021/1066/indicacao_no_151-21-ver_anderson_mendes.pdf","data_ultima_atualizacao":"2021-12-16T19:47:00.760900-03:00","ip":"138.0.54.152","ultima_edicao":"2021-09-15T12:04:31.489137-03:00","tipo":8,"regime_tramitacao":1,"tipo_origem_externa":null,"local_origem_externa":null,"user":48,"anexadas":[],"autores":[58]}