{"id":50,"__str__":"Parecer - Par. CECSDMA ao PLO n\u00ba020/2017 de 06/09/2017 por Vereador  \u00c9lio Ferreira da Costa","link_detail_backend":"/materia/documentoacessorio/50","metadata":{},"nome":"Par. CECSDMA ao PLO n\u00ba020/2017","data":"2017-09-06","autor":"Vereador  \u00c9lio Ferreira da Costa","ementa":"PARECER DA COMISS\u00c3O DE EDUCA\u00c7\u00c3O, CULTURA, SA\u00daDE E DEFESA DO MEIO AMBIENTE, FAVOR\u00c1VEL AO PLO. N\u00ba 020/2017, NOS ASPECTOS QUE DIZEM RESPEITO DESTA COMISS\u00c3O.","indexacao":"","arquivo":null,"data_ultima_atualizacao":"2018-10-23T09:33:56.183793-03:00","materia":39,"tipo":1}