{"id":964,"__str__":"Autoria: J\u00fanior Garra - Indica\u00e7\u00e3o n\u00ba 27 de 2020","link_detail_backend":"/materia/autoria/964","metadata":{},"primeiro_autor":true,"autor":9,"materia":704}