{"id":2940,"__str__":"Autoria: Vereador Cabelo - Proposta de Emenda \u00e1 Lei Org\u00e2nica do Munic\u00edpio. n\u00ba 1 de 2025","link_detail_backend":"/materia/autoria/2940","metadata":{},"primeiro_autor":false,"autor":60,"materia":2370}